{"id":714,"date":"2015-08-10T20:55:33","date_gmt":"2015-08-10T18:55:33","guid":{"rendered":"http:\/\/www.sv-hofheim.de\/hsv\/?p=714"},"modified":"2015-08-10T20:55:33","modified_gmt":"2015-08-10T18:55:33","slug":"sky-im-sportheim-2","status":"publish","type":"post","link":"http:\/\/www.sv-hofheim.de\/hsv\/sky-im-sportheim-2\/","title":{"rendered":"Sky im Sportheim"},"content":{"rendered":"<p>Der SV Hofheim \u00fcbertr\u00e4gt auch in diesem Jahr die Bundesliga auf Sky. Bei k\u00fchlen Getr\u00e4nken werden \u00fcber einen Beamer die Bundesligaspiele am Samstag (ab 15.30 Uhr) gezeigt. Der SV Hofheim freut sich auf zahlreiche Besucher zum gemeinsamen Schauen.<\/p>\n","protected":false},"excerpt":{"rendered":"<p>Der SV Hofheim \u00fcbertr\u00e4gt auch in diesem Jahr die Bundesliga auf Sky. Bei k\u00fchlen Getr\u00e4nken werden \u00fcber einen Beamer die Bundesligaspiele am Samstag (ab 15.30 Uhr) gezeigt. Der SV Hofheim freut sich auf zahlreiche Besucher zum gemeinsamen Schauen.<\/p>\n","protected":false},"author":1,"featured_media":187,"comment_status":"closed","ping_status":"closed","sticky":false,"template":"","format":"standard","meta":[],"categories":[1],"tags":[],"_links":{"self":[{"href":"http:\/\/www.sv-hofheim.de\/hsv\/wp-json\/wp\/v2\/posts\/714"}],"collection":[{"href":"http:\/\/www.sv-hofheim.de\/hsv\/wp-json\/wp\/v2\/posts"}],"about":[{"href":"http:\/\/www.sv-hofheim.de\/hsv\/wp-json\/wp\/v2\/types\/post"}],"author":[{"embeddable":true,"href":"http:\/\/www.sv-hofheim.de\/hsv\/wp-json\/wp\/v2\/users\/1"}],"replies":[{"embeddable":true,"href":"http:\/\/www.sv-hofheim.de\/hsv\/wp-json\/wp\/v2\/comments?post=714"}],"version-history":[{"count":1,"href":"http:\/\/www.sv-hofheim.de\/hsv\/wp-json\/wp\/v2\/posts\/714\/revisions"}],"predecessor-version":[{"id":715,"href":"http:\/\/www.sv-hofheim.de\/hsv\/wp-json\/wp\/v2\/posts\/714\/revisions\/715"}],"wp:featuredmedia":[{"embeddable":true,"href":"http:\/\/www.sv-hofheim.de\/hsv\/wp-json\/wp\/v2\/media\/187"}],"wp:attachment":[{"href":"http:\/\/www.sv-hofheim.de\/hsv\/wp-json\/wp\/v2\/media?parent=714"}],"wp:term":[{"taxonomy":"category","embeddable":true,"href":"http:\/\/www.sv-hofheim.de\/hsv\/wp-json\/wp\/v2\/categories?post=714"},{"taxonomy":"post_tag","embeddable":true,"href":"http:\/\/www.sv-hofheim.de\/hsv\/wp-json\/wp\/v2\/tags?post=714"}],"curies":[{"name":"wp","href":"https:\/\/api.w.org\/{rel}","templated":true}]}}