{"id":525,"date":"2015-05-06T15:27:05","date_gmt":"2015-05-06T13:27:05","guid":{"rendered":"http:\/\/www.sv-hofheim.de\/hsv\/?p=525"},"modified":"2015-05-06T15:27:05","modified_gmt":"2015-05-06T13:27:05","slug":"champions-league-uebertragung-beim-sv-hofheim","status":"publish","type":"post","link":"http:\/\/www.sv-hofheim.de\/hsv\/champions-league-uebertragung-beim-sv-hofheim\/","title":{"rendered":"Champions League \u00dcbertragung beim SV Hofheim"},"content":{"rendered":"<p>Der SV Hofheim \u00fcbertr\u00e4gt das heutige Champions League Halbfinale FC Barcelona gg. FC Bayern M\u00fcnchen um 20.45 Uhr im Sportheim. Wir haben ab 19.30 Uhr ge\u00f6ffnet.<\/p>\n<p>&nbsp;<\/p>\n","protected":false},"excerpt":{"rendered":"<p>Der SV Hofheim \u00fcbertr\u00e4gt das heutige Champions League Halbfinale FC Barcelona gg. FC Bayern M\u00fcnchen um 20.45 Uhr im Sportheim. Wir haben ab 19.30 Uhr ge\u00f6ffnet. &nbsp;<\/p>\n","protected":false},"author":1,"featured_media":6,"comment_status":"closed","ping_status":"closed","sticky":false,"template":"","format":"standard","meta":[],"categories":[1],"tags":[],"_links":{"self":[{"href":"http:\/\/www.sv-hofheim.de\/hsv\/wp-json\/wp\/v2\/posts\/525"}],"collection":[{"href":"http:\/\/www.sv-hofheim.de\/hsv\/wp-json\/wp\/v2\/posts"}],"about":[{"href":"http:\/\/www.sv-hofheim.de\/hsv\/wp-json\/wp\/v2\/types\/post"}],"author":[{"embeddable":true,"href":"http:\/\/www.sv-hofheim.de\/hsv\/wp-json\/wp\/v2\/users\/1"}],"replies":[{"embeddable":true,"href":"http:\/\/www.sv-hofheim.de\/hsv\/wp-json\/wp\/v2\/comments?post=525"}],"version-history":[{"count":1,"href":"http:\/\/www.sv-hofheim.de\/hsv\/wp-json\/wp\/v2\/posts\/525\/revisions"}],"predecessor-version":[{"id":526,"href":"http:\/\/www.sv-hofheim.de\/hsv\/wp-json\/wp\/v2\/posts\/525\/revisions\/526"}],"wp:featuredmedia":[{"embeddable":true,"href":"http:\/\/www.sv-hofheim.de\/hsv\/wp-json\/wp\/v2\/media\/6"}],"wp:attachment":[{"href":"http:\/\/www.sv-hofheim.de\/hsv\/wp-json\/wp\/v2\/media?parent=525"}],"wp:term":[{"taxonomy":"category","embeddable":true,"href":"http:\/\/www.sv-hofheim.de\/hsv\/wp-json\/wp\/v2\/categories?post=525"},{"taxonomy":"post_tag","embeddable":true,"href":"http:\/\/www.sv-hofheim.de\/hsv\/wp-json\/wp\/v2\/tags?post=525"}],"curies":[{"name":"wp","href":"https:\/\/api.w.org\/{rel}","templated":true}]}}